{"id":9696,"count":1,"description":"","link":"https:\/\/blogdoedvaldomagalhaes.com.br\/index.php\/tag\/plenaria-do-pt-em-caruaru-critica-a-forma-como-o-partido-vem-sendo-conduzido-em-nivel-nacional\/","name":"Plen\u00e1ria do PT em Caruaru critica \u00e0 forma como o partido vem sendo conduzido em n\u00edvel nacional","slug":"plenaria-do-pt-em-caruaru-critica-a-forma-como-o-partido-vem-sendo-conduzido-em-nivel-nacional","taxonomy":"post_tag","meta":[],"_links":{"self":[{"href":"https:\/\/blogdoedvaldomagalhaes.com.br\/index.php\/wp-json\/wp\/v2\/tags\/9696","targetHints":{"allow":["GET"]}}],"collection":[{"href":"https:\/\/blogdoedvaldomagalhaes.com.br\/index.php\/wp-json\/wp\/v2\/tags"}],"about":[{"href":"https:\/\/blogdoedvaldomagalhaes.com.br\/index.php\/wp-json\/wp\/v2\/taxonomies\/post_tag"}],"wp:post_type":[{"href":"https:\/\/blogdoedvaldomagalhaes.com.br\/index.php\/wp-json\/wp\/v2\/posts?tags=9696"}],"curies":[{"name":"wp","href":"https:\/\/api.w.org\/{rel}","templated":true}]}}