{"id":9297,"count":1,"description":"","link":"https:\/\/blogdoedvaldomagalhaes.com.br\/index.php\/tag\/blog-do-edvaldo-magalhaes-mestre-em-gestao-e-politicas-ambientais-desabafa-sobre-os-incendios-na-reserva-ecologica\/","name":"Blog do Edvaldo Magalh\u00e3es Mestre em Gest\u00e3o e Pol\u00edticas Ambientais desabafa sobre os inc\u00eandios na Reserva Ecol\u00f3gica","slug":"blog-do-edvaldo-magalhaes-mestre-em-gestao-e-politicas-ambientais-desabafa-sobre-os-incendios-na-reserva-ecologica","taxonomy":"post_tag","meta":[],"_links":{"self":[{"href":"https:\/\/blogdoedvaldomagalhaes.com.br\/index.php\/wp-json\/wp\/v2\/tags\/9297","targetHints":{"allow":["GET"]}}],"collection":[{"href":"https:\/\/blogdoedvaldomagalhaes.com.br\/index.php\/wp-json\/wp\/v2\/tags"}],"about":[{"href":"https:\/\/blogdoedvaldomagalhaes.com.br\/index.php\/wp-json\/wp\/v2\/taxonomies\/post_tag"}],"wp:post_type":[{"href":"https:\/\/blogdoedvaldomagalhaes.com.br\/index.php\/wp-json\/wp\/v2\/posts?tags=9297"}],"curies":[{"name":"wp","href":"https:\/\/api.w.org\/{rel}","templated":true}]}}