{"id":8745,"count":1,"description":"","link":"https:\/\/blogdoedvaldomagalhaes.com.br\/index.php\/tag\/novo-formato-do-sao-joao-de-caruaru-sera-debatido-em-audiencia-publica-na-camara\/","name":"Novo formato do S\u00e3o Jo\u00e3o de Caruaru ser\u00e1 debatido em Audi\u00eancia P\u00fablica na C\u00e2mara","slug":"novo-formato-do-sao-joao-de-caruaru-sera-debatido-em-audiencia-publica-na-camara","taxonomy":"post_tag","meta":[],"_links":{"self":[{"href":"https:\/\/blogdoedvaldomagalhaes.com.br\/index.php\/wp-json\/wp\/v2\/tags\/8745","targetHints":{"allow":["GET"]}}],"collection":[{"href":"https:\/\/blogdoedvaldomagalhaes.com.br\/index.php\/wp-json\/wp\/v2\/tags"}],"about":[{"href":"https:\/\/blogdoedvaldomagalhaes.com.br\/index.php\/wp-json\/wp\/v2\/taxonomies\/post_tag"}],"wp:post_type":[{"href":"https:\/\/blogdoedvaldomagalhaes.com.br\/index.php\/wp-json\/wp\/v2\/posts?tags=8745"}],"curies":[{"name":"wp","href":"https:\/\/api.w.org\/{rel}","templated":true}]}}