{"id":8720,"count":1,"description":"","link":"https:\/\/blogdoedvaldomagalhaes.com.br\/index.php\/tag\/reajuste-salarial-para-comerciarios-sera-definido-em-rodada-de-negociacao-entre-sindecc-e-sindloja\/","name":"Reajuste salarial para comerci\u00e1rios ser\u00e1 definido em rodada de negocia\u00e7\u00e3o entre Sindecc e Sindloja","slug":"reajuste-salarial-para-comerciarios-sera-definido-em-rodada-de-negociacao-entre-sindecc-e-sindloja","taxonomy":"post_tag","meta":[],"_links":{"self":[{"href":"https:\/\/blogdoedvaldomagalhaes.com.br\/index.php\/wp-json\/wp\/v2\/tags\/8720","targetHints":{"allow":["GET"]}}],"collection":[{"href":"https:\/\/blogdoedvaldomagalhaes.com.br\/index.php\/wp-json\/wp\/v2\/tags"}],"about":[{"href":"https:\/\/blogdoedvaldomagalhaes.com.br\/index.php\/wp-json\/wp\/v2\/taxonomies\/post_tag"}],"wp:post_type":[{"href":"https:\/\/blogdoedvaldomagalhaes.com.br\/index.php\/wp-json\/wp\/v2\/posts?tags=8720"}],"curies":[{"name":"wp","href":"https:\/\/api.w.org\/{rel}","templated":true}]}}