{"id":843,"count":1,"description":"","link":"https:\/\/blogdoedvaldomagalhaes.com.br\/index.php\/tag\/vitima-de-fake-news-em-caruaru-registra-b-o-apos-divulgacao-de-fotos-em-redes-sociais-acusado-o-de-ser-tarado\/","name":"V\u00edtima de fake news em Caruaru registra B.O. ap\u00f3s divulga\u00e7\u00e3o de fotos em redes sociais acusado-o de ser tarado","slug":"vitima-de-fake-news-em-caruaru-registra-b-o-apos-divulgacao-de-fotos-em-redes-sociais-acusado-o-de-ser-tarado","taxonomy":"post_tag","meta":[],"_links":{"self":[{"href":"https:\/\/blogdoedvaldomagalhaes.com.br\/index.php\/wp-json\/wp\/v2\/tags\/843","targetHints":{"allow":["GET"]}}],"collection":[{"href":"https:\/\/blogdoedvaldomagalhaes.com.br\/index.php\/wp-json\/wp\/v2\/tags"}],"about":[{"href":"https:\/\/blogdoedvaldomagalhaes.com.br\/index.php\/wp-json\/wp\/v2\/taxonomies\/post_tag"}],"wp:post_type":[{"href":"https:\/\/blogdoedvaldomagalhaes.com.br\/index.php\/wp-json\/wp\/v2\/posts?tags=843"}],"curies":[{"name":"wp","href":"https:\/\/api.w.org\/{rel}","templated":true}]}}