{"id":8094,"count":1,"description":"","link":"https:\/\/blogdoedvaldomagalhaes.com.br\/index.php\/tag\/ex-candidatos-a-prefeito-de-caruaru-erick-lessa-e-jorge-gomes-querem-a-reeleicao-de-paulo-camara\/","name":"Ex-candidatos a prefeito de Caruaru Erick Lessa e Jorge Gomes querem a reelei\u00e7\u00e3o de Paulo C\u00e2mara","slug":"ex-candidatos-a-prefeito-de-caruaru-erick-lessa-e-jorge-gomes-querem-a-reeleicao-de-paulo-camara","taxonomy":"post_tag","meta":[],"_links":{"self":[{"href":"https:\/\/blogdoedvaldomagalhaes.com.br\/index.php\/wp-json\/wp\/v2\/tags\/8094","targetHints":{"allow":["GET"]}}],"collection":[{"href":"https:\/\/blogdoedvaldomagalhaes.com.br\/index.php\/wp-json\/wp\/v2\/tags"}],"about":[{"href":"https:\/\/blogdoedvaldomagalhaes.com.br\/index.php\/wp-json\/wp\/v2\/taxonomies\/post_tag"}],"wp:post_type":[{"href":"https:\/\/blogdoedvaldomagalhaes.com.br\/index.php\/wp-json\/wp\/v2\/posts?tags=8094"}],"curies":[{"name":"wp","href":"https:\/\/api.w.org\/{rel}","templated":true}]}}