{"id":766,"count":1,"description":"","link":"https:\/\/blogdoedvaldomagalhaes.com.br\/index.php\/tag\/calendario-de-eventos-do-autodromo-de-caruaru-e-divulgado-pela-fundacao-de-cultura-e-turismo\/","name":"Calend\u00e1rio de eventos do Aut\u00f3dromo de Caruaru \u00e9 divulgado pela Funda\u00e7\u00e3o de Cultura e Turismo","slug":"calendario-de-eventos-do-autodromo-de-caruaru-e-divulgado-pela-fundacao-de-cultura-e-turismo","taxonomy":"post_tag","meta":[],"_links":{"self":[{"href":"https:\/\/blogdoedvaldomagalhaes.com.br\/index.php\/wp-json\/wp\/v2\/tags\/766","targetHints":{"allow":["GET"]}}],"collection":[{"href":"https:\/\/blogdoedvaldomagalhaes.com.br\/index.php\/wp-json\/wp\/v2\/tags"}],"about":[{"href":"https:\/\/blogdoedvaldomagalhaes.com.br\/index.php\/wp-json\/wp\/v2\/taxonomies\/post_tag"}],"wp:post_type":[{"href":"https:\/\/blogdoedvaldomagalhaes.com.br\/index.php\/wp-json\/wp\/v2\/posts?tags=766"}],"curies":[{"name":"wp","href":"https:\/\/api.w.org\/{rel}","templated":true}]}}