{"id":7115,"count":1,"description":"","link":"https:\/\/blogdoedvaldomagalhaes.com.br\/index.php\/tag\/prefeitura-de-caruaru-emite-nota-de-esclarecimento-sobre-caches-dos-artistas-do-sao-joao-2017\/","name":"Prefeitura de Caruaru emite nota de esclarecimento sobre cach\u00eas dos artistas do S\u00e3o Jo\u00e3o 2017","slug":"prefeitura-de-caruaru-emite-nota-de-esclarecimento-sobre-caches-dos-artistas-do-sao-joao-2017","taxonomy":"post_tag","meta":[],"_links":{"self":[{"href":"https:\/\/blogdoedvaldomagalhaes.com.br\/index.php\/wp-json\/wp\/v2\/tags\/7115","targetHints":{"allow":["GET"]}}],"collection":[{"href":"https:\/\/blogdoedvaldomagalhaes.com.br\/index.php\/wp-json\/wp\/v2\/tags"}],"about":[{"href":"https:\/\/blogdoedvaldomagalhaes.com.br\/index.php\/wp-json\/wp\/v2\/taxonomies\/post_tag"}],"wp:post_type":[{"href":"https:\/\/blogdoedvaldomagalhaes.com.br\/index.php\/wp-json\/wp\/v2\/posts?tags=7115"}],"curies":[{"name":"wp","href":"https:\/\/api.w.org\/{rel}","templated":true}]}}