{"id":6506,"count":1,"description":"","link":"https:\/\/blogdoedvaldomagalhaes.com.br\/index.php\/tag\/laura-gomes-comemora-decisao-do-governo-de-reabrir-o-hospital-sao-sebastiao-por-conta-propria-e-contratacao-de-espaco-para-batalhao\/","name":"Laura Gomes comemora decis\u00e3o do Governo de reabrir o Hospital S\u00e3o Sebasti\u00e3o por conta pr\u00f3pria e contrata\u00e7\u00e3o de espa\u00e7o para Batalh\u00e3o","slug":"laura-gomes-comemora-decisao-do-governo-de-reabrir-o-hospital-sao-sebastiao-por-conta-propria-e-contratacao-de-espaco-para-batalhao","taxonomy":"post_tag","meta":[],"_links":{"self":[{"href":"https:\/\/blogdoedvaldomagalhaes.com.br\/index.php\/wp-json\/wp\/v2\/tags\/6506","targetHints":{"allow":["GET"]}}],"collection":[{"href":"https:\/\/blogdoedvaldomagalhaes.com.br\/index.php\/wp-json\/wp\/v2\/tags"}],"about":[{"href":"https:\/\/blogdoedvaldomagalhaes.com.br\/index.php\/wp-json\/wp\/v2\/taxonomies\/post_tag"}],"wp:post_type":[{"href":"https:\/\/blogdoedvaldomagalhaes.com.br\/index.php\/wp-json\/wp\/v2\/posts?tags=6506"}],"curies":[{"name":"wp","href":"https:\/\/api.w.org\/{rel}","templated":true}]}}