{"id":610,"count":1,"description":"","link":"https:\/\/blogdoedvaldomagalhaes.com.br\/index.php\/tag\/3o-feirao-de-empregabilidade-para-pessoas-com-deficiencia-e-jovem-aprendiz-em-caruaru-nesta-terca-20\/","name":"3\u00ba Feir\u00e3o de Empregabilidade para Pessoas com Defici\u00eancia e Jovem Aprendiz em Caruaru nesta ter\u00e7a (20)","slug":"3o-feirao-de-empregabilidade-para-pessoas-com-deficiencia-e-jovem-aprendiz-em-caruaru-nesta-terca-20","taxonomy":"post_tag","meta":[],"_links":{"self":[{"href":"https:\/\/blogdoedvaldomagalhaes.com.br\/index.php\/wp-json\/wp\/v2\/tags\/610","targetHints":{"allow":["GET"]}}],"collection":[{"href":"https:\/\/blogdoedvaldomagalhaes.com.br\/index.php\/wp-json\/wp\/v2\/tags"}],"about":[{"href":"https:\/\/blogdoedvaldomagalhaes.com.br\/index.php\/wp-json\/wp\/v2\/taxonomies\/post_tag"}],"wp:post_type":[{"href":"https:\/\/blogdoedvaldomagalhaes.com.br\/index.php\/wp-json\/wp\/v2\/posts?tags=610"}],"curies":[{"name":"wp","href":"https:\/\/api.w.org\/{rel}","templated":true}]}}