{"id":578,"count":1,"description":"","link":"https:\/\/blogdoedvaldomagalhaes.com.br\/index.php\/tag\/apresentacoes-do-baile-do-menino-deus-tem-inicio-nesta-quinta-feira-em-caruaru\/","name":"Apresenta\u00e7\u00f5es do Baile do Menino Deus t\u00eam in\u00edcio nesta quinta-feira em Caruaru","slug":"apresentacoes-do-baile-do-menino-deus-tem-inicio-nesta-quinta-feira-em-caruaru","taxonomy":"post_tag","meta":[],"_links":{"self":[{"href":"https:\/\/blogdoedvaldomagalhaes.com.br\/index.php\/wp-json\/wp\/v2\/tags\/578","targetHints":{"allow":["GET"]}}],"collection":[{"href":"https:\/\/blogdoedvaldomagalhaes.com.br\/index.php\/wp-json\/wp\/v2\/tags"}],"about":[{"href":"https:\/\/blogdoedvaldomagalhaes.com.br\/index.php\/wp-json\/wp\/v2\/taxonomies\/post_tag"}],"wp:post_type":[{"href":"https:\/\/blogdoedvaldomagalhaes.com.br\/index.php\/wp-json\/wp\/v2\/posts?tags=578"}],"curies":[{"name":"wp","href":"https:\/\/api.w.org\/{rel}","templated":true}]}}