{"id":5172,"count":1,"description":"","link":"https:\/\/blogdoedvaldomagalhaes.com.br\/index.php\/tag\/filho-de-14-anos-que-matou-o-pai-para-defender-a-mae-de-agressao-em-pesqueira-se-entrega-a-policia\/","name":"Filho de 14 anos que matou o pai para defender a m\u00e3e de agress\u00e3o em Pesqueira se entrega \u00e0 pol\u00edcia","slug":"filho-de-14-anos-que-matou-o-pai-para-defender-a-mae-de-agressao-em-pesqueira-se-entrega-a-policia","taxonomy":"post_tag","meta":[],"_links":{"self":[{"href":"https:\/\/blogdoedvaldomagalhaes.com.br\/index.php\/wp-json\/wp\/v2\/tags\/5172","targetHints":{"allow":["GET"]}}],"collection":[{"href":"https:\/\/blogdoedvaldomagalhaes.com.br\/index.php\/wp-json\/wp\/v2\/tags"}],"about":[{"href":"https:\/\/blogdoedvaldomagalhaes.com.br\/index.php\/wp-json\/wp\/v2\/taxonomies\/post_tag"}],"wp:post_type":[{"href":"https:\/\/blogdoedvaldomagalhaes.com.br\/index.php\/wp-json\/wp\/v2\/posts?tags=5172"}],"curies":[{"name":"wp","href":"https:\/\/api.w.org\/{rel}","templated":true}]}}