{"id":4758,"count":1,"description":"","link":"https:\/\/blogdoedvaldomagalhaes.com.br\/index.php\/tag\/comando-presente-traca-estrategia-para-funcionamento-da-feira-da-sulanca-e-comercio-de-caruaru-aos-domingos\/","name":"Comando Presente tra\u00e7a estrat\u00e9gia para funcionamento da Feira da Sulanca e com\u00e9rcio de Caruaru aos domingos","slug":"comando-presente-traca-estrategia-para-funcionamento-da-feira-da-sulanca-e-comercio-de-caruaru-aos-domingos","taxonomy":"post_tag","meta":[],"_links":{"self":[{"href":"https:\/\/blogdoedvaldomagalhaes.com.br\/index.php\/wp-json\/wp\/v2\/tags\/4758","targetHints":{"allow":["GET"]}}],"collection":[{"href":"https:\/\/blogdoedvaldomagalhaes.com.br\/index.php\/wp-json\/wp\/v2\/tags"}],"about":[{"href":"https:\/\/blogdoedvaldomagalhaes.com.br\/index.php\/wp-json\/wp\/v2\/taxonomies\/post_tag"}],"wp:post_type":[{"href":"https:\/\/blogdoedvaldomagalhaes.com.br\/index.php\/wp-json\/wp\/v2\/posts?tags=4758"}],"curies":[{"name":"wp","href":"https:\/\/api.w.org\/{rel}","templated":true}]}}