{"id":4580,"count":1,"description":"","link":"https:\/\/blogdoedvaldomagalhaes.com.br\/index.php\/tag\/vereador-da-base-do-governo-afirma-que-esta-revoltado-por-nao-ter-pedidos-atendidos-pela-gestao\/","name":"Vereador da base do governo afirma que est\u00e1 revoltado por n\u00e3o ter pedidos atendidos pela gest\u00e3o","slug":"vereador-da-base-do-governo-afirma-que-esta-revoltado-por-nao-ter-pedidos-atendidos-pela-gestao","taxonomy":"post_tag","meta":[],"_links":{"self":[{"href":"https:\/\/blogdoedvaldomagalhaes.com.br\/index.php\/wp-json\/wp\/v2\/tags\/4580","targetHints":{"allow":["GET"]}}],"collection":[{"href":"https:\/\/blogdoedvaldomagalhaes.com.br\/index.php\/wp-json\/wp\/v2\/tags"}],"about":[{"href":"https:\/\/blogdoedvaldomagalhaes.com.br\/index.php\/wp-json\/wp\/v2\/taxonomies\/post_tag"}],"wp:post_type":[{"href":"https:\/\/blogdoedvaldomagalhaes.com.br\/index.php\/wp-json\/wp\/v2\/posts?tags=4580"}],"curies":[{"name":"wp","href":"https:\/\/api.w.org\/{rel}","templated":true}]}}