{"id":37310,"count":1,"description":"","link":"https:\/\/blogdoedvaldomagalhaes.com.br\/index.php\/tag\/anderson-correia-vai-pedir-ao-ministerio-publico-a-prisao-do-responsavel-pela-morte-de-um-cachorro-em-gravata\/","name":"Anderson Correia vai pedir ao minist\u00e9rio p\u00fablico a pris\u00e3o do respons\u00e1vel pela morte de um cachorro em Gravat\u00e1","slug":"anderson-correia-vai-pedir-ao-ministerio-publico-a-prisao-do-responsavel-pela-morte-de-um-cachorro-em-gravata","taxonomy":"post_tag","meta":[],"_links":{"self":[{"href":"https:\/\/blogdoedvaldomagalhaes.com.br\/index.php\/wp-json\/wp\/v2\/tags\/37310","targetHints":{"allow":["GET"]}}],"collection":[{"href":"https:\/\/blogdoedvaldomagalhaes.com.br\/index.php\/wp-json\/wp\/v2\/tags"}],"about":[{"href":"https:\/\/blogdoedvaldomagalhaes.com.br\/index.php\/wp-json\/wp\/v2\/taxonomies\/post_tag"}],"wp:post_type":[{"href":"https:\/\/blogdoedvaldomagalhaes.com.br\/index.php\/wp-json\/wp\/v2\/posts?tags=37310"}],"curies":[{"name":"wp","href":"https:\/\/api.w.org\/{rel}","templated":true}]}}