{"id":37301,"count":1,"description":"","link":"https:\/\/blogdoedvaldomagalhaes.com.br\/index.php\/tag\/nucleo-de-atencao-integral-para-criancas-e-adolescentes-com-tea-e-outras-neurodivergencias\/","name":"N\u00facleo de aten\u00e7\u00e3o integral para crian\u00e7as e adolescentes com TEA e outras neurodiverg\u00eancias","slug":"nucleo-de-atencao-integral-para-criancas-e-adolescentes-com-tea-e-outras-neurodivergencias","taxonomy":"post_tag","meta":[],"_links":{"self":[{"href":"https:\/\/blogdoedvaldomagalhaes.com.br\/index.php\/wp-json\/wp\/v2\/tags\/37301","targetHints":{"allow":["GET"]}}],"collection":[{"href":"https:\/\/blogdoedvaldomagalhaes.com.br\/index.php\/wp-json\/wp\/v2\/tags"}],"about":[{"href":"https:\/\/blogdoedvaldomagalhaes.com.br\/index.php\/wp-json\/wp\/v2\/taxonomies\/post_tag"}],"wp:post_type":[{"href":"https:\/\/blogdoedvaldomagalhaes.com.br\/index.php\/wp-json\/wp\/v2\/posts?tags=37301"}],"curies":[{"name":"wp","href":"https:\/\/api.w.org\/{rel}","templated":true}]}}