{"id":36408,"count":1,"description":"","link":"https:\/\/blogdoedvaldomagalhaes.com.br\/index.php\/tag\/veja-situacao-dos-municipios-que-tiveram-o-abastecimento-de-agua-afetados-pelas-chuvas-na-zona-da-mata-e-agreste\/","name":"Veja situa\u00e7\u00e3o dos munic\u00edpios que tiveram o abastecimento de \u00e1gua afetados pelas chuvas na Zona da Mata e Agreste","slug":"veja-situacao-dos-municipios-que-tiveram-o-abastecimento-de-agua-afetados-pelas-chuvas-na-zona-da-mata-e-agreste","taxonomy":"post_tag","meta":[],"_links":{"self":[{"href":"https:\/\/blogdoedvaldomagalhaes.com.br\/index.php\/wp-json\/wp\/v2\/tags\/36408","targetHints":{"allow":["GET"]}}],"collection":[{"href":"https:\/\/blogdoedvaldomagalhaes.com.br\/index.php\/wp-json\/wp\/v2\/tags"}],"about":[{"href":"https:\/\/blogdoedvaldomagalhaes.com.br\/index.php\/wp-json\/wp\/v2\/taxonomies\/post_tag"}],"wp:post_type":[{"href":"https:\/\/blogdoedvaldomagalhaes.com.br\/index.php\/wp-json\/wp\/v2\/posts?tags=36408"}],"curies":[{"name":"wp","href":"https:\/\/api.w.org\/{rel}","templated":true}]}}