{"id":36139,"count":1,"description":"","link":"https:\/\/blogdoedvaldomagalhaes.com.br\/index.php\/tag\/interdicao-parcial-na-br-232-entre-vitoria-de-santo-antao-e-moreno-a-partir-desta-segunda-16\/","name":"Interdi\u00e7\u00e3o parcial na BR-232 entre Vit\u00f3ria de Santo Ant\u00e3o e Moreno a partir desta segunda (16)","slug":"interdicao-parcial-na-br-232-entre-vitoria-de-santo-antao-e-moreno-a-partir-desta-segunda-16","taxonomy":"post_tag","meta":[],"_links":{"self":[{"href":"https:\/\/blogdoedvaldomagalhaes.com.br\/index.php\/wp-json\/wp\/v2\/tags\/36139","targetHints":{"allow":["GET"]}}],"collection":[{"href":"https:\/\/blogdoedvaldomagalhaes.com.br\/index.php\/wp-json\/wp\/v2\/tags"}],"about":[{"href":"https:\/\/blogdoedvaldomagalhaes.com.br\/index.php\/wp-json\/wp\/v2\/taxonomies\/post_tag"}],"wp:post_type":[{"href":"https:\/\/blogdoedvaldomagalhaes.com.br\/index.php\/wp-json\/wp\/v2\/posts?tags=36139"}],"curies":[{"name":"wp","href":"https:\/\/api.w.org\/{rel}","templated":true}]}}