{"id":36138,"count":1,"description":"","link":"https:\/\/blogdoedvaldomagalhaes.com.br\/index.php\/tag\/pre-candidato-a-deputado-federal-silvio-nascimento-participa-de-encontro-com-pastores-e-lideres-evangelicos-em-caruaru\/","name":"Pr\u00e9-candidato a deputado federal Silvio Nascimento participa de encontro com pastores e l\u00edderes evang\u00e9licos em Caruaru","slug":"pre-candidato-a-deputado-federal-silvio-nascimento-participa-de-encontro-com-pastores-e-lideres-evangelicos-em-caruaru","taxonomy":"post_tag","meta":[],"_links":{"self":[{"href":"https:\/\/blogdoedvaldomagalhaes.com.br\/index.php\/wp-json\/wp\/v2\/tags\/36138","targetHints":{"allow":["GET"]}}],"collection":[{"href":"https:\/\/blogdoedvaldomagalhaes.com.br\/index.php\/wp-json\/wp\/v2\/tags"}],"about":[{"href":"https:\/\/blogdoedvaldomagalhaes.com.br\/index.php\/wp-json\/wp\/v2\/taxonomies\/post_tag"}],"wp:post_type":[{"href":"https:\/\/blogdoedvaldomagalhaes.com.br\/index.php\/wp-json\/wp\/v2\/posts?tags=36138"}],"curies":[{"name":"wp","href":"https:\/\/api.w.org\/{rel}","templated":true}]}}