{"id":36137,"count":1,"description":"","link":"https:\/\/blogdoedvaldomagalhaes.com.br\/index.php\/tag\/exposicao-poesia-moldada-o-carnaval-da-nicinha-e-prorrogada-ate-o-dia-16-de-marco\/","name":"Exposi\u00e7\u00e3o \"Poesia Moldada - O Carnaval da Nicinha\" \u00e9 prorrogada at\u00e9 o dia 16 de mar\u00e7o","slug":"exposicao-poesia-moldada-o-carnaval-da-nicinha-e-prorrogada-ate-o-dia-16-de-marco","taxonomy":"post_tag","meta":[],"_links":{"self":[{"href":"https:\/\/blogdoedvaldomagalhaes.com.br\/index.php\/wp-json\/wp\/v2\/tags\/36137","targetHints":{"allow":["GET"]}}],"collection":[{"href":"https:\/\/blogdoedvaldomagalhaes.com.br\/index.php\/wp-json\/wp\/v2\/tags"}],"about":[{"href":"https:\/\/blogdoedvaldomagalhaes.com.br\/index.php\/wp-json\/wp\/v2\/taxonomies\/post_tag"}],"wp:post_type":[{"href":"https:\/\/blogdoedvaldomagalhaes.com.br\/index.php\/wp-json\/wp\/v2\/posts?tags=36137"}],"curies":[{"name":"wp","href":"https:\/\/api.w.org\/{rel}","templated":true}]}}