{"id":36133,"count":1,"description":"","link":"https:\/\/blogdoedvaldomagalhaes.com.br\/index.php\/tag\/caruaru-avanca-no-suporte-a-politica-nacional-aldir-blanc-com-2o-plantao-tira-duvidas\/","name":"Caruaru avan\u00e7a no suporte \u00e0 Pol\u00edtica Nacional Aldir Blanc com 2\u00ba plant\u00e3o tira d\u00favidas","slug":"caruaru-avanca-no-suporte-a-politica-nacional-aldir-blanc-com-2o-plantao-tira-duvidas","taxonomy":"post_tag","meta":[],"_links":{"self":[{"href":"https:\/\/blogdoedvaldomagalhaes.com.br\/index.php\/wp-json\/wp\/v2\/tags\/36133","targetHints":{"allow":["GET"]}}],"collection":[{"href":"https:\/\/blogdoedvaldomagalhaes.com.br\/index.php\/wp-json\/wp\/v2\/tags"}],"about":[{"href":"https:\/\/blogdoedvaldomagalhaes.com.br\/index.php\/wp-json\/wp\/v2\/taxonomies\/post_tag"}],"wp:post_type":[{"href":"https:\/\/blogdoedvaldomagalhaes.com.br\/index.php\/wp-json\/wp\/v2\/posts?tags=36133"}],"curies":[{"name":"wp","href":"https:\/\/api.w.org\/{rel}","templated":true}]}}