{"id":36128,"count":1,"description":"","link":"https:\/\/blogdoedvaldomagalhaes.com.br\/index.php\/tag\/pernambuco-abre-selecao-para-contratacao-temporaria-de-831-profissionais-na-area-de-saude\/","name":"Pernambuco abre sele\u00e7\u00e3o para contrata\u00e7\u00e3o tempor\u00e1ria de 831 profissionais na \u00e1rea de sa\u00fade","slug":"pernambuco-abre-selecao-para-contratacao-temporaria-de-831-profissionais-na-area-de-saude","taxonomy":"post_tag","meta":[],"_links":{"self":[{"href":"https:\/\/blogdoedvaldomagalhaes.com.br\/index.php\/wp-json\/wp\/v2\/tags\/36128","targetHints":{"allow":["GET"]}}],"collection":[{"href":"https:\/\/blogdoedvaldomagalhaes.com.br\/index.php\/wp-json\/wp\/v2\/tags"}],"about":[{"href":"https:\/\/blogdoedvaldomagalhaes.com.br\/index.php\/wp-json\/wp\/v2\/taxonomies\/post_tag"}],"wp:post_type":[{"href":"https:\/\/blogdoedvaldomagalhaes.com.br\/index.php\/wp-json\/wp\/v2\/posts?tags=36128"}],"curies":[{"name":"wp","href":"https:\/\/api.w.org\/{rel}","templated":true}]}}