{"id":36110,"count":1,"description":"","link":"https:\/\/blogdoedvaldomagalhaes.com.br\/index.php\/tag\/prf-intensifica-fiscalizacao-de-veiculos-de-transporte-escolar-e-encontra-diversas-versas-irregularidades\/","name":"PRF intensifica fiscaliza\u00e7\u00e3o de ve\u00edculos de transporte escolar e encontra diversas versas irregularidades","slug":"prf-intensifica-fiscalizacao-de-veiculos-de-transporte-escolar-e-encontra-diversas-versas-irregularidades","taxonomy":"post_tag","meta":[],"_links":{"self":[{"href":"https:\/\/blogdoedvaldomagalhaes.com.br\/index.php\/wp-json\/wp\/v2\/tags\/36110","targetHints":{"allow":["GET"]}}],"collection":[{"href":"https:\/\/blogdoedvaldomagalhaes.com.br\/index.php\/wp-json\/wp\/v2\/tags"}],"about":[{"href":"https:\/\/blogdoedvaldomagalhaes.com.br\/index.php\/wp-json\/wp\/v2\/taxonomies\/post_tag"}],"wp:post_type":[{"href":"https:\/\/blogdoedvaldomagalhaes.com.br\/index.php\/wp-json\/wp\/v2\/posts?tags=36110"}],"curies":[{"name":"wp","href":"https:\/\/api.w.org\/{rel}","templated":true}]}}