{"id":36107,"count":1,"description":"","link":"https:\/\/blogdoedvaldomagalhaes.com.br\/index.php\/tag\/anderson-luiz-marca-filiacao-ao-psd-e-chega-com-a-forca-do-apoio-de-rodrigo-pinheiro-e-raquel-lyra\/","name":"Anderson Luiz marca filia\u00e7\u00e3o ao PSD e chega com a for\u00e7a do apoio de Rodrigo Pinheiro e Raquel Lyra","slug":"anderson-luiz-marca-filiacao-ao-psd-e-chega-com-a-forca-do-apoio-de-rodrigo-pinheiro-e-raquel-lyra","taxonomy":"post_tag","meta":[],"_links":{"self":[{"href":"https:\/\/blogdoedvaldomagalhaes.com.br\/index.php\/wp-json\/wp\/v2\/tags\/36107","targetHints":{"allow":["GET"]}}],"collection":[{"href":"https:\/\/blogdoedvaldomagalhaes.com.br\/index.php\/wp-json\/wp\/v2\/tags"}],"about":[{"href":"https:\/\/blogdoedvaldomagalhaes.com.br\/index.php\/wp-json\/wp\/v2\/taxonomies\/post_tag"}],"wp:post_type":[{"href":"https:\/\/blogdoedvaldomagalhaes.com.br\/index.php\/wp-json\/wp\/v2\/posts?tags=36107"}],"curies":[{"name":"wp","href":"https:\/\/api.w.org\/{rel}","templated":true}]}}