{"id":36042,"count":1,"description":"","link":"https:\/\/blogdoedvaldomagalhaes.com.br\/index.php\/tag\/guarda-municipal-de-caruaru-detem-suspeito-por-trafico-de-drogas-nas-imediacoes-do-mercado-da-carne\/","name":"Guarda Municipal de Caruaru det\u00e9m suspeito por tr\u00e1fico de drogas nas imedia\u00e7\u00f5es do Mercado da Carne","slug":"guarda-municipal-de-caruaru-detem-suspeito-por-trafico-de-drogas-nas-imediacoes-do-mercado-da-carne","taxonomy":"post_tag","meta":[],"_links":{"self":[{"href":"https:\/\/blogdoedvaldomagalhaes.com.br\/index.php\/wp-json\/wp\/v2\/tags\/36042","targetHints":{"allow":["GET"]}}],"collection":[{"href":"https:\/\/blogdoedvaldomagalhaes.com.br\/index.php\/wp-json\/wp\/v2\/tags"}],"about":[{"href":"https:\/\/blogdoedvaldomagalhaes.com.br\/index.php\/wp-json\/wp\/v2\/taxonomies\/post_tag"}],"wp:post_type":[{"href":"https:\/\/blogdoedvaldomagalhaes.com.br\/index.php\/wp-json\/wp\/v2\/posts?tags=36042"}],"curies":[{"name":"wp","href":"https:\/\/api.w.org\/{rel}","templated":true}]}}