{"id":36041,"count":1,"description":"","link":"https:\/\/blogdoedvaldomagalhaes.com.br\/index.php\/tag\/jorge-quintino-apresenta-auxilio-emergencial-para-mulheres-vitimas-de-violencia-e-pede-audiencia-publica\/","name":"Jorge Quintino apresenta aux\u00edlio emergencial para mulheres v\u00edtimas de viol\u00eancia e pede audi\u00eancia p\u00fablica","slug":"jorge-quintino-apresenta-auxilio-emergencial-para-mulheres-vitimas-de-violencia-e-pede-audiencia-publica","taxonomy":"post_tag","meta":[],"_links":{"self":[{"href":"https:\/\/blogdoedvaldomagalhaes.com.br\/index.php\/wp-json\/wp\/v2\/tags\/36041","targetHints":{"allow":["GET"]}}],"collection":[{"href":"https:\/\/blogdoedvaldomagalhaes.com.br\/index.php\/wp-json\/wp\/v2\/tags"}],"about":[{"href":"https:\/\/blogdoedvaldomagalhaes.com.br\/index.php\/wp-json\/wp\/v2\/taxonomies\/post_tag"}],"wp:post_type":[{"href":"https:\/\/blogdoedvaldomagalhaes.com.br\/index.php\/wp-json\/wp\/v2\/posts?tags=36041"}],"curies":[{"name":"wp","href":"https:\/\/api.w.org\/{rel}","templated":true}]}}