{"id":36038,"count":1,"description":"","link":"https:\/\/blogdoedvaldomagalhaes.com.br\/index.php\/tag\/governadora-raquel-lyra-anuncia-pacote-de-acoes-e-investimentos-para-fortalecer-politicas-publicas-para-mulheres-em-pernambuco\/","name":"Governadora Raquel Lyra anuncia pacote de a\u00e7\u00f5es e investimentos para fortalecer pol\u00edticas p\u00fablicas para mulheres em Pernambuco","slug":"governadora-raquel-lyra-anuncia-pacote-de-acoes-e-investimentos-para-fortalecer-politicas-publicas-para-mulheres-em-pernambuco","taxonomy":"post_tag","meta":[],"_links":{"self":[{"href":"https:\/\/blogdoedvaldomagalhaes.com.br\/index.php\/wp-json\/wp\/v2\/tags\/36038","targetHints":{"allow":["GET"]}}],"collection":[{"href":"https:\/\/blogdoedvaldomagalhaes.com.br\/index.php\/wp-json\/wp\/v2\/tags"}],"about":[{"href":"https:\/\/blogdoedvaldomagalhaes.com.br\/index.php\/wp-json\/wp\/v2\/taxonomies\/post_tag"}],"wp:post_type":[{"href":"https:\/\/blogdoedvaldomagalhaes.com.br\/index.php\/wp-json\/wp\/v2\/posts?tags=36038"}],"curies":[{"name":"wp","href":"https:\/\/api.w.org\/{rel}","templated":true}]}}