{"id":35725,"count":1,"description":"","link":"https:\/\/blogdoedvaldomagalhaes.com.br\/index.php\/tag\/localidades-da-zona-rural-de-caruaru-voltam-a-ter-agua-apos-retirada-de-ligacoes-clandestinas\/","name":"LOCALIDADES DA ZONA RURAL DE CARUARU VOLTAM A TER \u00c1GUA AP\u00d3S RETIRADA DE LIGA\u00c7\u00d5ES CLANDESTINAS","slug":"localidades-da-zona-rural-de-caruaru-voltam-a-ter-agua-apos-retirada-de-ligacoes-clandestinas","taxonomy":"post_tag","meta":[],"_links":{"self":[{"href":"https:\/\/blogdoedvaldomagalhaes.com.br\/index.php\/wp-json\/wp\/v2\/tags\/35725","targetHints":{"allow":["GET"]}}],"collection":[{"href":"https:\/\/blogdoedvaldomagalhaes.com.br\/index.php\/wp-json\/wp\/v2\/tags"}],"about":[{"href":"https:\/\/blogdoedvaldomagalhaes.com.br\/index.php\/wp-json\/wp\/v2\/taxonomies\/post_tag"}],"wp:post_type":[{"href":"https:\/\/blogdoedvaldomagalhaes.com.br\/index.php\/wp-json\/wp\/v2\/posts?tags=35725"}],"curies":[{"name":"wp","href":"https:\/\/api.w.org\/{rel}","templated":true}]}}