{"id":35720,"count":1,"description":"","link":"https:\/\/blogdoedvaldomagalhaes.com.br\/index.php\/tag\/acao-da-guarda-municipal-de-caruaru-apreende-celular-com-restricao-e-fortalece-combate-a-receptacao\/","name":"A\u00e7\u00e3o da Guarda Municipal de Caruaru apreende celular com restri\u00e7\u00e3o e fortalece combate \u00e0 recepta\u00e7\u00e3o","slug":"acao-da-guarda-municipal-de-caruaru-apreende-celular-com-restricao-e-fortalece-combate-a-receptacao","taxonomy":"post_tag","meta":[],"_links":{"self":[{"href":"https:\/\/blogdoedvaldomagalhaes.com.br\/index.php\/wp-json\/wp\/v2\/tags\/35720","targetHints":{"allow":["GET"]}}],"collection":[{"href":"https:\/\/blogdoedvaldomagalhaes.com.br\/index.php\/wp-json\/wp\/v2\/tags"}],"about":[{"href":"https:\/\/blogdoedvaldomagalhaes.com.br\/index.php\/wp-json\/wp\/v2\/taxonomies\/post_tag"}],"wp:post_type":[{"href":"https:\/\/blogdoedvaldomagalhaes.com.br\/index.php\/wp-json\/wp\/v2\/posts?tags=35720"}],"curies":[{"name":"wp","href":"https:\/\/api.w.org\/{rel}","templated":true}]}}