{"id":35684,"count":1,"description":"","link":"https:\/\/blogdoedvaldomagalhaes.com.br\/index.php\/tag\/por-que-escolhi-a-politica-como-missao-jose-fernando-santos-de-souza-juiz-de-direito-aposentado-do-tjpe\/","name":"Por que escolhi a pol\u00edtica como miss\u00e3o Jos\u00e9 Fernando Santos de Souza ju\u00edz de direito aposentado do tjpe","slug":"por-que-escolhi-a-politica-como-missao-jose-fernando-santos-de-souza-juiz-de-direito-aposentado-do-tjpe","taxonomy":"post_tag","meta":[],"_links":{"self":[{"href":"https:\/\/blogdoedvaldomagalhaes.com.br\/index.php\/wp-json\/wp\/v2\/tags\/35684","targetHints":{"allow":["GET"]}}],"collection":[{"href":"https:\/\/blogdoedvaldomagalhaes.com.br\/index.php\/wp-json\/wp\/v2\/tags"}],"about":[{"href":"https:\/\/blogdoedvaldomagalhaes.com.br\/index.php\/wp-json\/wp\/v2\/taxonomies\/post_tag"}],"wp:post_type":[{"href":"https:\/\/blogdoedvaldomagalhaes.com.br\/index.php\/wp-json\/wp\/v2\/posts?tags=35684"}],"curies":[{"name":"wp","href":"https:\/\/api.w.org\/{rel}","templated":true}]}}