{"id":35683,"count":1,"description":"","link":"https:\/\/blogdoedvaldomagalhaes.com.br\/index.php\/tag\/hospital-mestre-vitalino-recebe-nova-ambulancia-com-uti-movel-em-reforco-a-saude-no-agreste\/","name":"Hospital mestre Vitalino recebe nova ambul\u00e2ncia com UTI M\u00f3vel em refor\u00e7o \u00e0 sa\u00fade no Agreste","slug":"hospital-mestre-vitalino-recebe-nova-ambulancia-com-uti-movel-em-reforco-a-saude-no-agreste","taxonomy":"post_tag","meta":[],"_links":{"self":[{"href":"https:\/\/blogdoedvaldomagalhaes.com.br\/index.php\/wp-json\/wp\/v2\/tags\/35683","targetHints":{"allow":["GET"]}}],"collection":[{"href":"https:\/\/blogdoedvaldomagalhaes.com.br\/index.php\/wp-json\/wp\/v2\/tags"}],"about":[{"href":"https:\/\/blogdoedvaldomagalhaes.com.br\/index.php\/wp-json\/wp\/v2\/taxonomies\/post_tag"}],"wp:post_type":[{"href":"https:\/\/blogdoedvaldomagalhaes.com.br\/index.php\/wp-json\/wp\/v2\/posts?tags=35683"}],"curies":[{"name":"wp","href":"https:\/\/api.w.org\/{rel}","templated":true}]}}