{"id":35682,"count":1,"description":"","link":"https:\/\/blogdoedvaldomagalhaes.com.br\/index.php\/tag\/janeiro-exige-atencao-redobrada-de-meis-e-pequenos-negocios-a-prazos-e-reajustes-tributarios\/","name":"Janeiro exige aten\u00e7\u00e3o redobrada de MEIs e pequenos neg\u00f3cios a prazos e reajustes tribut\u00e1rios","slug":"janeiro-exige-atencao-redobrada-de-meis-e-pequenos-negocios-a-prazos-e-reajustes-tributarios","taxonomy":"post_tag","meta":[],"_links":{"self":[{"href":"https:\/\/blogdoedvaldomagalhaes.com.br\/index.php\/wp-json\/wp\/v2\/tags\/35682","targetHints":{"allow":["GET"]}}],"collection":[{"href":"https:\/\/blogdoedvaldomagalhaes.com.br\/index.php\/wp-json\/wp\/v2\/tags"}],"about":[{"href":"https:\/\/blogdoedvaldomagalhaes.com.br\/index.php\/wp-json\/wp\/v2\/taxonomies\/post_tag"}],"wp:post_type":[{"href":"https:\/\/blogdoedvaldomagalhaes.com.br\/index.php\/wp-json\/wp\/v2\/posts?tags=35682"}],"curies":[{"name":"wp","href":"https:\/\/api.w.org\/{rel}","templated":true}]}}