{"id":35643,"count":1,"description":"","link":"https:\/\/blogdoedvaldomagalhaes.com.br\/index.php\/tag\/caruaru-reforca-acoes-de-enfrentamento-a-violencia-contra-a-mulher-e-amplia-rede-de-protecao-no-municipio\/","name":"Caruaru refor\u00e7a a\u00e7\u00f5es de enfrentamento \u00e0 viol\u00eancia contra a mulher e amplia rede de prote\u00e7\u00e3o no munic\u00edpio","slug":"caruaru-reforca-acoes-de-enfrentamento-a-violencia-contra-a-mulher-e-amplia-rede-de-protecao-no-municipio","taxonomy":"post_tag","meta":[],"_links":{"self":[{"href":"https:\/\/blogdoedvaldomagalhaes.com.br\/index.php\/wp-json\/wp\/v2\/tags\/35643","targetHints":{"allow":["GET"]}}],"collection":[{"href":"https:\/\/blogdoedvaldomagalhaes.com.br\/index.php\/wp-json\/wp\/v2\/tags"}],"about":[{"href":"https:\/\/blogdoedvaldomagalhaes.com.br\/index.php\/wp-json\/wp\/v2\/taxonomies\/post_tag"}],"wp:post_type":[{"href":"https:\/\/blogdoedvaldomagalhaes.com.br\/index.php\/wp-json\/wp\/v2\/posts?tags=35643"}],"curies":[{"name":"wp","href":"https:\/\/api.w.org\/{rel}","templated":true}]}}