{"id":35379,"count":1,"description":"","link":"https:\/\/blogdoedvaldomagalhaes.com.br\/index.php\/tag\/1a-edicao-do-pernambuco-meu-pais-verao-sera-realizada-em-dezembro-e-janeiro\/","name":"1\u00aa edi\u00e7\u00e3o do Pernambuco Meu Pa\u00eds Ver\u00e3o ser\u00e1 realizada em dezembro e janeiro","slug":"1a-edicao-do-pernambuco-meu-pais-verao-sera-realizada-em-dezembro-e-janeiro","taxonomy":"post_tag","meta":[],"_links":{"self":[{"href":"https:\/\/blogdoedvaldomagalhaes.com.br\/index.php\/wp-json\/wp\/v2\/tags\/35379","targetHints":{"allow":["GET"]}}],"collection":[{"href":"https:\/\/blogdoedvaldomagalhaes.com.br\/index.php\/wp-json\/wp\/v2\/tags"}],"about":[{"href":"https:\/\/blogdoedvaldomagalhaes.com.br\/index.php\/wp-json\/wp\/v2\/taxonomies\/post_tag"}],"wp:post_type":[{"href":"https:\/\/blogdoedvaldomagalhaes.com.br\/index.php\/wp-json\/wp\/v2\/posts?tags=35379"}],"curies":[{"name":"wp","href":"https:\/\/api.w.org\/{rel}","templated":true}]}}