{"id":35378,"count":1,"description":"","link":"https:\/\/blogdoedvaldomagalhaes.com.br\/index.php\/tag\/juntos-pela-seguranca-governadora-raquel-lyra-reforca-seguranca-de-pernambuco-com-a-formatura-de-148-novos-oficiais-da-pmpe\/","name":"Juntos Pela Seguran\u00e7a: governadora Raquel Lyra refor\u00e7a seguran\u00e7a de Pernambuco com a formatura de 148 novos oficiais da PMPE","slug":"juntos-pela-seguranca-governadora-raquel-lyra-reforca-seguranca-de-pernambuco-com-a-formatura-de-148-novos-oficiais-da-pmpe","taxonomy":"post_tag","meta":[],"_links":{"self":[{"href":"https:\/\/blogdoedvaldomagalhaes.com.br\/index.php\/wp-json\/wp\/v2\/tags\/35378","targetHints":{"allow":["GET"]}}],"collection":[{"href":"https:\/\/blogdoedvaldomagalhaes.com.br\/index.php\/wp-json\/wp\/v2\/tags"}],"about":[{"href":"https:\/\/blogdoedvaldomagalhaes.com.br\/index.php\/wp-json\/wp\/v2\/taxonomies\/post_tag"}],"wp:post_type":[{"href":"https:\/\/blogdoedvaldomagalhaes.com.br\/index.php\/wp-json\/wp\/v2\/posts?tags=35378"}],"curies":[{"name":"wp","href":"https:\/\/api.w.org\/{rel}","templated":true}]}}