{"id":35370,"count":1,"description":"","link":"https:\/\/blogdoedvaldomagalhaes.com.br\/index.php\/tag\/centro-de-ensino-do-agreste-celebra-conclusao-da-primeira-pos-em-empreendedorismo-e-inovacao-nos-negocios\/","name":"Centro de Ensino do Agreste celebra conclus\u00e3o da primeira P\u00f3s em Empreendedorismo e Inova\u00e7\u00e3o nos Neg\u00f3cios","slug":"centro-de-ensino-do-agreste-celebra-conclusao-da-primeira-pos-em-empreendedorismo-e-inovacao-nos-negocios","taxonomy":"post_tag","meta":[],"_links":{"self":[{"href":"https:\/\/blogdoedvaldomagalhaes.com.br\/index.php\/wp-json\/wp\/v2\/tags\/35370","targetHints":{"allow":["GET"]}}],"collection":[{"href":"https:\/\/blogdoedvaldomagalhaes.com.br\/index.php\/wp-json\/wp\/v2\/tags"}],"about":[{"href":"https:\/\/blogdoedvaldomagalhaes.com.br\/index.php\/wp-json\/wp\/v2\/taxonomies\/post_tag"}],"wp:post_type":[{"href":"https:\/\/blogdoedvaldomagalhaes.com.br\/index.php\/wp-json\/wp\/v2\/posts?tags=35370"}],"curies":[{"name":"wp","href":"https:\/\/api.w.org\/{rel}","templated":true}]}}