{"id":35310,"count":1,"description":"","link":"https:\/\/blogdoedvaldomagalhaes.com.br\/index.php\/tag\/bom-prato-pernambuco-atinge-marco-historico-com-mais-de-1-milhao-de-refeicoes-servidas-por-mes\/","name":"Bom Prato: Pernambuco atinge marco hist\u00f3rico com mais de 1 milh\u00e3o de refei\u00e7\u00f5es servidas por m\u00eas","slug":"bom-prato-pernambuco-atinge-marco-historico-com-mais-de-1-milhao-de-refeicoes-servidas-por-mes","taxonomy":"post_tag","meta":[],"_links":{"self":[{"href":"https:\/\/blogdoedvaldomagalhaes.com.br\/index.php\/wp-json\/wp\/v2\/tags\/35310","targetHints":{"allow":["GET"]}}],"collection":[{"href":"https:\/\/blogdoedvaldomagalhaes.com.br\/index.php\/wp-json\/wp\/v2\/tags"}],"about":[{"href":"https:\/\/blogdoedvaldomagalhaes.com.br\/index.php\/wp-json\/wp\/v2\/taxonomies\/post_tag"}],"wp:post_type":[{"href":"https:\/\/blogdoedvaldomagalhaes.com.br\/index.php\/wp-json\/wp\/v2\/posts?tags=35310"}],"curies":[{"name":"wp","href":"https:\/\/api.w.org\/{rel}","templated":true}]}}