{"id":35302,"count":1,"description":"","link":"https:\/\/blogdoedvaldomagalhaes.com.br\/index.php\/tag\/vereador-junior-letal-realiza-visita-produtiva-a-secretaria-de-assistencia-social-e-combate-a-fome-de-caruaru\/","name":"Vereador J\u00fanior Letal realiza visita produtiva \u00e0 Secretaria de Assist\u00eancia Social e Combate \u00e0 Fome de Caruaru","slug":"vereador-junior-letal-realiza-visita-produtiva-a-secretaria-de-assistencia-social-e-combate-a-fome-de-caruaru","taxonomy":"post_tag","meta":[],"_links":{"self":[{"href":"https:\/\/blogdoedvaldomagalhaes.com.br\/index.php\/wp-json\/wp\/v2\/tags\/35302","targetHints":{"allow":["GET"]}}],"collection":[{"href":"https:\/\/blogdoedvaldomagalhaes.com.br\/index.php\/wp-json\/wp\/v2\/tags"}],"about":[{"href":"https:\/\/blogdoedvaldomagalhaes.com.br\/index.php\/wp-json\/wp\/v2\/taxonomies\/post_tag"}],"wp:post_type":[{"href":"https:\/\/blogdoedvaldomagalhaes.com.br\/index.php\/wp-json\/wp\/v2\/posts?tags=35302"}],"curies":[{"name":"wp","href":"https:\/\/api.w.org\/{rel}","templated":true}]}}