{"id":35293,"count":1,"description":"","link":"https:\/\/blogdoedvaldomagalhaes.com.br\/index.php\/tag\/i-congresso-do-agreste-de-enfrentamento-a-violencia-de-genero-prorroga-inscricoes-e-anuncia-palestra-com-ex-ministra-das-mulheres\/","name":"I Congresso do Agreste de Enfrentamento \u00e0 Viol\u00eancia de G\u00eanero prorroga inscri\u00e7\u00f5es e anuncia palestra com ex-Ministra das Mulheres","slug":"i-congresso-do-agreste-de-enfrentamento-a-violencia-de-genero-prorroga-inscricoes-e-anuncia-palestra-com-ex-ministra-das-mulheres","taxonomy":"post_tag","meta":[],"_links":{"self":[{"href":"https:\/\/blogdoedvaldomagalhaes.com.br\/index.php\/wp-json\/wp\/v2\/tags\/35293","targetHints":{"allow":["GET"]}}],"collection":[{"href":"https:\/\/blogdoedvaldomagalhaes.com.br\/index.php\/wp-json\/wp\/v2\/tags"}],"about":[{"href":"https:\/\/blogdoedvaldomagalhaes.com.br\/index.php\/wp-json\/wp\/v2\/taxonomies\/post_tag"}],"wp:post_type":[{"href":"https:\/\/blogdoedvaldomagalhaes.com.br\/index.php\/wp-json\/wp\/v2\/posts?tags=35293"}],"curies":[{"name":"wp","href":"https:\/\/api.w.org\/{rel}","templated":true}]}}