{"id":35292,"count":1,"description":"","link":"https:\/\/blogdoedvaldomagalhaes.com.br\/index.php\/tag\/sesc-celebra-os-patrimonios-vivos-de-caruaru-com-projeto-territorios-de-memoria-e-patrimonio\/","name":"Sesc celebra os patrim\u00f4nios vivos de Caruaru com Projeto \u201cTerrit\u00f3rios de Mem\u00f3ria e Patrim\u00f4nio\u201d","slug":"sesc-celebra-os-patrimonios-vivos-de-caruaru-com-projeto-territorios-de-memoria-e-patrimonio","taxonomy":"post_tag","meta":[],"_links":{"self":[{"href":"https:\/\/blogdoedvaldomagalhaes.com.br\/index.php\/wp-json\/wp\/v2\/tags\/35292","targetHints":{"allow":["GET"]}}],"collection":[{"href":"https:\/\/blogdoedvaldomagalhaes.com.br\/index.php\/wp-json\/wp\/v2\/tags"}],"about":[{"href":"https:\/\/blogdoedvaldomagalhaes.com.br\/index.php\/wp-json\/wp\/v2\/taxonomies\/post_tag"}],"wp:post_type":[{"href":"https:\/\/blogdoedvaldomagalhaes.com.br\/index.php\/wp-json\/wp\/v2\/posts?tags=35292"}],"curies":[{"name":"wp","href":"https:\/\/api.w.org\/{rel}","templated":true}]}}