{"id":35282,"count":1,"description":"","link":"https:\/\/blogdoedvaldomagalhaes.com.br\/index.php\/tag\/a-governadora-raquel-lyra-destacou-os-avancos-da-gestao-durante-reuniao-do-movimento-atitude-pernambuco\/","name":"a governadora Raquel Lyra destacou os avan\u00e7os da gest\u00e3o durante reuni\u00e3o do Movimento Atitude Pernambuco","slug":"a-governadora-raquel-lyra-destacou-os-avancos-da-gestao-durante-reuniao-do-movimento-atitude-pernambuco","taxonomy":"post_tag","meta":[],"_links":{"self":[{"href":"https:\/\/blogdoedvaldomagalhaes.com.br\/index.php\/wp-json\/wp\/v2\/tags\/35282","targetHints":{"allow":["GET"]}}],"collection":[{"href":"https:\/\/blogdoedvaldomagalhaes.com.br\/index.php\/wp-json\/wp\/v2\/tags"}],"about":[{"href":"https:\/\/blogdoedvaldomagalhaes.com.br\/index.php\/wp-json\/wp\/v2\/taxonomies\/post_tag"}],"wp:post_type":[{"href":"https:\/\/blogdoedvaldomagalhaes.com.br\/index.php\/wp-json\/wp\/v2\/posts?tags=35282"}],"curies":[{"name":"wp","href":"https:\/\/api.w.org\/{rel}","templated":true}]}}