{"id":35280,"count":1,"description":"","link":"https:\/\/blogdoedvaldomagalhaes.com.br\/index.php\/tag\/governadora-raquel-lyra-destaca-os-avancos-na-assistencia-social-de-pernambuco-durante-o-encontro-estadual-de-protecao-social\/","name":"Governadora Raquel Lyra destaca os avan\u00e7os na Assist\u00eancia Social de Pernambuco durante o Encontro Estadual de Prote\u00e7\u00e3o Social","slug":"governadora-raquel-lyra-destaca-os-avancos-na-assistencia-social-de-pernambuco-durante-o-encontro-estadual-de-protecao-social","taxonomy":"post_tag","meta":[],"_links":{"self":[{"href":"https:\/\/blogdoedvaldomagalhaes.com.br\/index.php\/wp-json\/wp\/v2\/tags\/35280","targetHints":{"allow":["GET"]}}],"collection":[{"href":"https:\/\/blogdoedvaldomagalhaes.com.br\/index.php\/wp-json\/wp\/v2\/tags"}],"about":[{"href":"https:\/\/blogdoedvaldomagalhaes.com.br\/index.php\/wp-json\/wp\/v2\/taxonomies\/post_tag"}],"wp:post_type":[{"href":"https:\/\/blogdoedvaldomagalhaes.com.br\/index.php\/wp-json\/wp\/v2\/posts?tags=35280"}],"curies":[{"name":"wp","href":"https:\/\/api.w.org\/{rel}","templated":true}]}}