{"id":35263,"count":1,"description":"","link":"https:\/\/blogdoedvaldomagalhaes.com.br\/index.php\/tag\/governadora-raquel-lyra-apresenta-acoes-do-governo-de-pernambuco-voltadas-a-transicao-energetica-e-ao-enfrentamento-das-mudancas-climaticas\/","name":"governadora Raquel Lyra apresenta a\u00e7\u00f5es do Governo de Pernambuco voltadas \u00e0 transi\u00e7\u00e3o energ\u00e9tica e ao enfrentamento das mudan\u00e7as clim\u00e1ticas","slug":"governadora-raquel-lyra-apresenta-acoes-do-governo-de-pernambuco-voltadas-a-transicao-energetica-e-ao-enfrentamento-das-mudancas-climaticas","taxonomy":"post_tag","meta":[],"_links":{"self":[{"href":"https:\/\/blogdoedvaldomagalhaes.com.br\/index.php\/wp-json\/wp\/v2\/tags\/35263","targetHints":{"allow":["GET"]}}],"collection":[{"href":"https:\/\/blogdoedvaldomagalhaes.com.br\/index.php\/wp-json\/wp\/v2\/tags"}],"about":[{"href":"https:\/\/blogdoedvaldomagalhaes.com.br\/index.php\/wp-json\/wp\/v2\/taxonomies\/post_tag"}],"wp:post_type":[{"href":"https:\/\/blogdoedvaldomagalhaes.com.br\/index.php\/wp-json\/wp\/v2\/posts?tags=35263"}],"curies":[{"name":"wp","href":"https:\/\/api.w.org\/{rel}","templated":true}]}}