{"id":35252,"count":1,"description":"","link":"https:\/\/blogdoedvaldomagalhaes.com.br\/index.php\/tag\/governadora-raquel-lyra-comanda-formatura-de-423-novos-policiais-civis-que-fortalecerao-a-seguranca-publica-em-pernambuco\/","name":"Governadora Raquel Lyra comanda formatura de 423 novos policiais civis que fortalecer\u00e3o a seguran\u00e7a p\u00fablica em Pernambuco","slug":"governadora-raquel-lyra-comanda-formatura-de-423-novos-policiais-civis-que-fortalecerao-a-seguranca-publica-em-pernambuco","taxonomy":"post_tag","meta":[],"_links":{"self":[{"href":"https:\/\/blogdoedvaldomagalhaes.com.br\/index.php\/wp-json\/wp\/v2\/tags\/35252","targetHints":{"allow":["GET"]}}],"collection":[{"href":"https:\/\/blogdoedvaldomagalhaes.com.br\/index.php\/wp-json\/wp\/v2\/tags"}],"about":[{"href":"https:\/\/blogdoedvaldomagalhaes.com.br\/index.php\/wp-json\/wp\/v2\/taxonomies\/post_tag"}],"wp:post_type":[{"href":"https:\/\/blogdoedvaldomagalhaes.com.br\/index.php\/wp-json\/wp\/v2\/posts?tags=35252"}],"curies":[{"name":"wp","href":"https:\/\/api.w.org\/{rel}","templated":true}]}}