{"id":35248,"count":1,"description":"","link":"https:\/\/blogdoedvaldomagalhaes.com.br\/index.php\/tag\/inscricoes-para-i-congresso-do-agreste-de-enfrentamento-a-violencia-de-genero-seguem-ate-o-sabado-15\/","name":"Inscri\u00e7\u00f5es para I Congresso do Agreste de Enfrentamento \u00e0 Viol\u00eancia de G\u00eanero seguem at\u00e9 o s\u00e1bado (15)","slug":"inscricoes-para-i-congresso-do-agreste-de-enfrentamento-a-violencia-de-genero-seguem-ate-o-sabado-15","taxonomy":"post_tag","meta":[],"_links":{"self":[{"href":"https:\/\/blogdoedvaldomagalhaes.com.br\/index.php\/wp-json\/wp\/v2\/tags\/35248","targetHints":{"allow":["GET"]}}],"collection":[{"href":"https:\/\/blogdoedvaldomagalhaes.com.br\/index.php\/wp-json\/wp\/v2\/tags"}],"about":[{"href":"https:\/\/blogdoedvaldomagalhaes.com.br\/index.php\/wp-json\/wp\/v2\/taxonomies\/post_tag"}],"wp:post_type":[{"href":"https:\/\/blogdoedvaldomagalhaes.com.br\/index.php\/wp-json\/wp\/v2\/posts?tags=35248"}],"curies":[{"name":"wp","href":"https:\/\/api.w.org\/{rel}","templated":true}]}}