{"id":35232,"count":1,"description":"","link":"https:\/\/blogdoedvaldomagalhaes.com.br\/index.php\/tag\/enfatizou-a-governadora-raquel-lyra-no-lancamento-do-projeto-de-descarbonizacao-de-fernando-de-noronha\/","name":"enfatizou a governadora Raquel Lyra no lan\u00e7amento do projeto de descarboniza\u00e7\u00e3o de Fernando de Noronha","slug":"enfatizou-a-governadora-raquel-lyra-no-lancamento-do-projeto-de-descarbonizacao-de-fernando-de-noronha","taxonomy":"post_tag","meta":[],"_links":{"self":[{"href":"https:\/\/blogdoedvaldomagalhaes.com.br\/index.php\/wp-json\/wp\/v2\/tags\/35232","targetHints":{"allow":["GET"]}}],"collection":[{"href":"https:\/\/blogdoedvaldomagalhaes.com.br\/index.php\/wp-json\/wp\/v2\/tags"}],"about":[{"href":"https:\/\/blogdoedvaldomagalhaes.com.br\/index.php\/wp-json\/wp\/v2\/taxonomies\/post_tag"}],"wp:post_type":[{"href":"https:\/\/blogdoedvaldomagalhaes.com.br\/index.php\/wp-json\/wp\/v2\/posts?tags=35232"}],"curies":[{"name":"wp","href":"https:\/\/api.w.org\/{rel}","templated":true}]}}