{"id":3505,"count":1,"description":"","link":"https:\/\/blogdoedvaldomagalhaes.com.br\/index.php\/tag\/ministerio-publico-federal-participa-de-audiencia-para-discutir-obras-de-adequacao-da-barragem-de-jucazinho\/","name":"Minist\u00e9rio P\u00fablico Federal participa de audi\u00eancia para discutir obras de adequa\u00e7\u00e3o da Barragem de Jucazinho","slug":"ministerio-publico-federal-participa-de-audiencia-para-discutir-obras-de-adequacao-da-barragem-de-jucazinho","taxonomy":"post_tag","meta":[],"_links":{"self":[{"href":"https:\/\/blogdoedvaldomagalhaes.com.br\/index.php\/wp-json\/wp\/v2\/tags\/3505","targetHints":{"allow":["GET"]}}],"collection":[{"href":"https:\/\/blogdoedvaldomagalhaes.com.br\/index.php\/wp-json\/wp\/v2\/tags"}],"about":[{"href":"https:\/\/blogdoedvaldomagalhaes.com.br\/index.php\/wp-json\/wp\/v2\/taxonomies\/post_tag"}],"wp:post_type":[{"href":"https:\/\/blogdoedvaldomagalhaes.com.br\/index.php\/wp-json\/wp\/v2\/posts?tags=3505"}],"curies":[{"name":"wp","href":"https:\/\/api.w.org\/{rel}","templated":true}]}}