{"id":34982,"count":1,"description":"","link":"https:\/\/blogdoedvaldomagalhaes.com.br\/index.php\/tag\/caruaru-realizara-acao-do-outubro-verde-com-foco-na-prevencao-e-diagnostico-da-sifilis\/","name":"Caruaru realizar\u00e1 a\u00e7\u00e3o do Outubro Verde com foco na preven\u00e7\u00e3o e diagn\u00f3stico da s\u00edfilis","slug":"caruaru-realizara-acao-do-outubro-verde-com-foco-na-prevencao-e-diagnostico-da-sifilis","taxonomy":"post_tag","meta":[],"_links":{"self":[{"href":"https:\/\/blogdoedvaldomagalhaes.com.br\/index.php\/wp-json\/wp\/v2\/tags\/34982","targetHints":{"allow":["GET"]}}],"collection":[{"href":"https:\/\/blogdoedvaldomagalhaes.com.br\/index.php\/wp-json\/wp\/v2\/tags"}],"about":[{"href":"https:\/\/blogdoedvaldomagalhaes.com.br\/index.php\/wp-json\/wp\/v2\/taxonomies\/post_tag"}],"wp:post_type":[{"href":"https:\/\/blogdoedvaldomagalhaes.com.br\/index.php\/wp-json\/wp\/v2\/posts?tags=34982"}],"curies":[{"name":"wp","href":"https:\/\/api.w.org\/{rel}","templated":true}]}}