{"id":34968,"count":1,"description":"","link":"https:\/\/blogdoedvaldomagalhaes.com.br\/index.php\/tag\/hospital-regional-do-agreste-participa-do-projeto-saude-em-nossas-maos-para-reduzir-infeccoes-em-utis\/","name":"Hospital Regional do Agreste participa do Projeto Sa\u00fade em Nossas M\u00e3os para reduzir infec\u00e7\u00f5es em UTIs","slug":"hospital-regional-do-agreste-participa-do-projeto-saude-em-nossas-maos-para-reduzir-infeccoes-em-utis","taxonomy":"post_tag","meta":[],"_links":{"self":[{"href":"https:\/\/blogdoedvaldomagalhaes.com.br\/index.php\/wp-json\/wp\/v2\/tags\/34968","targetHints":{"allow":["GET"]}}],"collection":[{"href":"https:\/\/blogdoedvaldomagalhaes.com.br\/index.php\/wp-json\/wp\/v2\/tags"}],"about":[{"href":"https:\/\/blogdoedvaldomagalhaes.com.br\/index.php\/wp-json\/wp\/v2\/taxonomies\/post_tag"}],"wp:post_type":[{"href":"https:\/\/blogdoedvaldomagalhaes.com.br\/index.php\/wp-json\/wp\/v2\/posts?tags=34968"}],"curies":[{"name":"wp","href":"https:\/\/api.w.org\/{rel}","templated":true}]}}