{"id":34936,"count":1,"description":"","link":"https:\/\/blogdoedvaldomagalhaes.com.br\/index.php\/tag\/buraco-de-responsabilidade-da-compesa-compromete-o-transito-no-centro-de-caruaru-e-trecho-da-rua-capitao-joao-velho-esta-interditado\/","name":"Buraco de responsabilidade da Compesa compromete o tr\u00e2nsito no Centro de Caruaru e trecho da Rua Capit\u00e3o Jo\u00e3o Velho est\u00e1 interditado","slug":"buraco-de-responsabilidade-da-compesa-compromete-o-transito-no-centro-de-caruaru-e-trecho-da-rua-capitao-joao-velho-esta-interditado","taxonomy":"post_tag","meta":[],"_links":{"self":[{"href":"https:\/\/blogdoedvaldomagalhaes.com.br\/index.php\/wp-json\/wp\/v2\/tags\/34936","targetHints":{"allow":["GET"]}}],"collection":[{"href":"https:\/\/blogdoedvaldomagalhaes.com.br\/index.php\/wp-json\/wp\/v2\/tags"}],"about":[{"href":"https:\/\/blogdoedvaldomagalhaes.com.br\/index.php\/wp-json\/wp\/v2\/taxonomies\/post_tag"}],"wp:post_type":[{"href":"https:\/\/blogdoedvaldomagalhaes.com.br\/index.php\/wp-json\/wp\/v2\/posts?tags=34936"}],"curies":[{"name":"wp","href":"https:\/\/api.w.org\/{rel}","templated":true}]}}